{"id":117,"date":"2015-01-29T15:25:35","date_gmt":"2015-01-29T15:25:35","guid":{"rendered":"https:\/\/nicolasrmunoz.com\/?p=117"},"modified":"2016-07-21T21:02:22","modified_gmt":"2016-07-21T15:02:22","slug":"cuidado-con-la-camiseta-chimba-el-lado-penal-de-la-propiedad-intelectual","status":"publish","type":"post","link":"https:\/\/nicolasrmunoz.com\/?p=117","title":{"rendered":"Cuidado con la camiseta \u00abchimba\u00bb &#8211; el lado penal de la Propiedad Intelectual"},"content":{"rendered":"<p>&nbsp;<\/p>\n<div id=\"attachment_118\" style=\"width: 310px\" class=\"wp-caption aligncenter\"><a href=\"https:\/\/nicolasrmunoz.com\/wp-content\/uploads\/2015\/01\/Candado-Marca-Registrada.jpg\"><img fetchpriority=\"high\" decoding=\"async\" aria-describedby=\"caption-attachment-118\" class=\"size-medium wp-image-118\" src=\"https:\/\/nicolasrmunoz.com\/wp-content\/uploads\/2015\/01\/Candado-Marca-Registrada-300x225.jpg\" alt=\"El lado penal de la propiedad intelectual\" width=\"300\" height=\"225\" srcset=\"https:\/\/nicolasrmunoz.com\/wp-content\/uploads\/2015\/01\/Candado-Marca-Registrada-300x225.jpg 300w, https:\/\/nicolasrmunoz.com\/wp-content\/uploads\/2015\/01\/Candado-Marca-Registrada-1024x768.jpg 1024w, https:\/\/nicolasrmunoz.com\/wp-content\/uploads\/2015\/01\/Candado-Marca-Registrada-980x735.jpg 980w, https:\/\/nicolasrmunoz.com\/wp-content\/uploads\/2015\/01\/Candado-Marca-Registrada.jpg 1600w\" sizes=\"(max-width: 300px) 100vw, 300px\" \/><\/a><p id=\"caption-attachment-118\" class=\"wp-caption-text\">El lado penal de la propiedad intelectual<\/p><\/div>\n<p>&nbsp;<\/p>\n<div>\n<p>El 10 de febrero de 2014 se p\u00fablico en el Registro Oficial ecuatoriano el C\u00f3digo Org\u00e1nico Integral Penal (COIP), el mismo que entr\u00f3 en vigencia a partir del 10 de agosto de 2014, en el que se codificaron todas las infracciones penales que se encontraban dispersas en varios cuerpos normativos del pa\u00eds, derogando entre otros, los art\u00edculos del 319 al 331 de la Ley de Propiedad Intelectual referente a delitos en esta materia, los cuales, sin embargo, no fueron incorporados al COIP, omisi\u00f3n considerable de\u00a0la funci\u00f3n legislativa.<\/p>\n<p>Como dato complementario, desde 1996 el Ecuador se incorpor\u00f3 como miembro de la Organizaci\u00f3n\u00a0Mundial del Comercio (OMC), en donde nos comprometemos a cumplir adem\u00e1s con el Acuerdo sobre los Aspectos de los\u00a0derechos de Propiedad Intelectual relacionados con el Comercio (ADPIC), instrumento que en su art\u00edculo 41 se\u00f1ala la obligaci\u00f3n de los estados miembros de la OMC de tener en su legislaci\u00f3n interna procedimientos de observancia de los derechos de propiedad intelectual con inclusi\u00f3n de recursos \u00e1giles para prevenir las infracciones constituyendo un medio eficaz para evitar violaciones en esta materia; aspecto que es complementado con el art\u00edculo 61 del mismo cuerpo legal que se\u00f1ala la obligaci\u00f3n de los miembros de establecer \u00abprocedimientos y sanciones penales para los casos de falsificaci\u00f3n dolosa de las marcas de f\u00e1brica o de comercio o de pirater\u00eda lesivos del derecho de autor a escala comercial\u201d. Adicionalmente\u00a0dentro de la normativa andina\u00a0debemos considerar la Decisi\u00f3n 486 de la Comunidad Andina de Naciones, la que en su art\u00edculo 257 establece tambi\u00e9n la obligaci\u00f3n de los estados parte de incorporar sanciones penales para casos de falsificaci\u00f3n de marcas.<\/p>\n<p>Con estos antecedentes, el 1 de agosto de 2014, se present\u00f3 un proyecto de reforma al COIP buscando implementar los delitos de Propiedad Intelectual en el\u00a0mismo, siendo la propuesta la de incorporar luego del art\u00edculo 370 un cap\u00edtulo innumerado llamado \u201cInfracciones contra la Propiedad Intelectual\u201d con una secci\u00f3n \u00fanica \u201cDelitos contra la Propiedad Intelectual\u201d que constar\u00eda de un solo art\u00edculo, que en resumen contiene los siguientes tipos penales:<\/p>\n<ul>\n<li>Tipo: persona que realice actos de falsificaci\u00f3n de marcas de f\u00e1brica a escala comercial\u00a0&#8211;\u00a0Pena: Multa de US$ 500 a US$ 500.000\u00a0(Entendida as\u00ed a cualquier mercanc\u00eda o embalaje que lleve una marca registrada sin autorizaci\u00f3n, teniendo en cuenta las distintas clases internacionales)<\/li>\n<li>Tipo: persona que realice actos de pirater\u00eda lesivo del derecho\u00a0de autor a escala comercial &#8211; Pena: multa de US$ 500 a US$ 200.000 (Entendida as\u00ed\u00a0cualquier copia de mercanc\u00eda que lesione sin autorizaci\u00f3n del titular del derecho)<\/li>\n<\/ul>\n<p>*Adicionalmente se contempla la posibilidad de la responsabilidad de la persona jur\u00eddica tambi\u00e9n en este tipo de delitos, a la que se le impondr\u00e1 una pena de clausura temporal de sus locales y en caso de reincidencia la extinci\u00f3n de la persona jur\u00eddica.<\/p>\n<p>Con estas regulaciones, se busca dar un \u201cespaldarazo\u201d al comercio formal, aunque a mi criterio se podr\u00eda regular de una mejor manera el proyecto de reforma, pues quedan en el aire algunas cuestiones como \u00bfQu\u00e9 pasa con marcas de servicios o lemas comerciales?, siendo la recomendaci\u00f3n puntual\u00a0para las personas y empresas la de registrar todas sus marcas y dem\u00e1s signos distintivos, revisando mensualmente la gaceta del Instituto Ecuatoriano de Propiedad Intelectual para hacer valer sus derechos ante terceros.<\/p>\n<div><strong><a href=\"https:\/\/nicolasrmunoz.com\/wp-content\/uploads\/2016\/06\/946191_10209443962761495_3977758748300464447_n-1.jpg\"><img decoding=\"async\" class=\" wp-image-385 alignleft\" src=\"https:\/\/nicolasrmunoz.com\/wp-content\/uploads\/2016\/06\/946191_10209443962761495_3977758748300464447_n-1-300x300.jpg\" alt=\"946191_10209443962761495_3977758748300464447_n-1\" width=\"170\" height=\"170\" srcset=\"https:\/\/nicolasrmunoz.com\/wp-content\/uploads\/2016\/06\/946191_10209443962761495_3977758748300464447_n-1-300x300.jpg 300w, https:\/\/nicolasrmunoz.com\/wp-content\/uploads\/2016\/06\/946191_10209443962761495_3977758748300464447_n-1-150x150.jpg 150w, https:\/\/nicolasrmunoz.com\/wp-content\/uploads\/2016\/06\/946191_10209443962761495_3977758748300464447_n-1-768x768.jpg 768w, https:\/\/nicolasrmunoz.com\/wp-content\/uploads\/2016\/06\/946191_10209443962761495_3977758748300464447_n-1.jpg 960w\" sizes=\"(max-width: 170px) 100vw, 170px\" \/><\/a>Nicol\u00e1s R. Mu\u00f1oz<\/strong><\/div>\n<div>nmunoz@surlegal.com<\/div>\n<div>\n<hr \/>\n<p>Advertencia:\u00a0La presente publicaci\u00f3n\u00a0no es ni podr\u00e1 ser usado como asesor\u00eda u opini\u00f3n legal,\u00a0ya que es meramente informativa.<\/p>\n<\/div>\n<\/div>\n<p><script async src=\"\/\/pagead2.googlesyndication.com\/pagead\/js\/adsbygoogle.js\"><\/script><br \/>\n<!-- 1er ejm NRM --><br \/>\n<ins class=\"adsbygoogle\"\n     style=\"display:block\"\n     data-ad-client=\"ca-pub-8882733276359373\"\n     data-ad-slot=\"3921684640\"\n     data-ad-format=\"auto\"><\/ins><br \/>\n<script>\n(adsbygoogle = window.adsbygoogle || []).push({});\n<\/script><\/p>\n","protected":false},"excerpt":{"rendered":"<p>&nbsp; &nbsp; El 10 de febrero de 2014 se p\u00fablico en el Registro Oficial ecuatoriano el C\u00f3digo Org\u00e1nico Integral Penal (COIP), el mismo que entr\u00f3 en vigencia a partir del 10 de agosto de 2014, en el que se codificaron todas las infracciones penales que se encontraban dispersas en varios&#8230;<\/p>\n","protected":false},"author":1,"featured_media":0,"comment_status":"open","ping_status":"open","sticky":false,"template":"","format":"standard","meta":{"footnotes":""},"categories":[3],"tags":[69,65,67,174,66,63,68,62,64],"class_list":["post-117","post","type-post","status-publish","format-standard","hentry","category-derecho","tag-adpic","tag-coip","tag-decision-486-comunidad-andina","tag-derecho","tag-iepi","tag-marcas","tag-organizacion-mundial-del-comercio","tag-propiedad-intelectual","tag-registro-de-marca"],"yoast_head":"<!-- This site is optimized with the Yoast SEO plugin v27.5 - https:\/\/yoast.com\/product\/yoast-seo-wordpress\/ -->\n<title>Cuidado con la camiseta &quot;chimba&quot; - el lado penal de la Propiedad Intelectual &#8212; NRM<\/title>\n<meta name=\"robots\" content=\"index, follow, max-snippet:-1, max-image-preview:large, max-video-preview:-1\" \/>\n<link rel=\"canonical\" href=\"https:\/\/nicolasrmunoz.com\/?p=117\" \/>\n<meta property=\"og:locale\" content=\"es_ES\" \/>\n<meta property=\"og:type\" content=\"article\" \/>\n<meta property=\"og:title\" content=\"Cuidado con la camiseta &quot;chimba&quot; - el lado penal de la Propiedad Intelectual &#8212; NRM\" \/>\n<meta property=\"og:description\" content=\"&nbsp; &nbsp; El 10 de febrero de 2014 se p\u00fablico en el Registro Oficial ecuatoriano el C\u00f3digo Org\u00e1nico Integral Penal (COIP), el mismo que entr\u00f3 en vigencia a partir del 10 de agosto de 2014, en el que se codificaron todas las infracciones penales que se encontraban dispersas en varios...\" \/>\n<meta property=\"og:url\" content=\"https:\/\/nicolasrmunoz.com\/?p=117\" \/>\n<meta property=\"og:site_name\" content=\"NRM\" \/>\n<meta property=\"article:publisher\" content=\"https:\/\/www.facebook.com\/nicolasrmunoz\/?fref=ts\" \/>\n<meta property=\"article:author\" content=\"www.facebook.com\/nicolasrmunoz\" \/>\n<meta property=\"article:published_time\" content=\"2015-01-29T15:25:35+00:00\" \/>\n<meta property=\"article:modified_time\" content=\"2016-07-21T15:02:22+00:00\" \/>\n<meta property=\"og:image\" content=\"https:\/\/nicolasrmunoz.com\/wp-content\/uploads\/2015\/01\/Candado-Marca-Registrada.jpg\" \/>\n\t<meta property=\"og:image:width\" content=\"1600\" \/>\n\t<meta property=\"og:image:height\" content=\"1200\" \/>\n\t<meta property=\"og:image:type\" content=\"image\/jpeg\" \/>\n<meta name=\"author\" content=\"nicolasrmunoz\" \/>\n<meta name=\"twitter:card\" content=\"summary_large_image\" \/>\n<meta name=\"twitter:creator\" content=\"@nicolasrmunoz\" \/>\n<meta name=\"twitter:site\" content=\"@nicolasrmunoz\" \/>\n<meta name=\"twitter:label1\" content=\"Escrito por\" \/>\n\t<meta name=\"twitter:data1\" content=\"nicolasrmunoz\" \/>\n\t<meta name=\"twitter:label2\" content=\"Tiempo de lectura\" \/>\n\t<meta name=\"twitter:data2\" content=\"3 minutos\" \/>\n<script type=\"application\/ld+json\" class=\"yoast-schema-graph\">{\"@context\":\"https:\\\/\\\/schema.org\",\"@graph\":[{\"@type\":\"Article\",\"@id\":\"https:\\\/\\\/nicolasrmunoz.com\\\/?p=117#article\",\"isPartOf\":{\"@id\":\"https:\\\/\\\/nicolasrmunoz.com\\\/?p=117\"},\"author\":{\"name\":\"nicolasrmunoz\",\"@id\":\"https:\\\/\\\/nicolasrmunoz.com\\\/#\\\/schema\\\/person\\\/ea4ec64bdece4ef281b8f5412397dbd3\"},\"headline\":\"Cuidado con la camiseta \u00abchimba\u00bb &#8211; el lado penal de la Propiedad Intelectual\",\"datePublished\":\"2015-01-29T15:25:35+00:00\",\"dateModified\":\"2016-07-21T15:02:22+00:00\",\"mainEntityOfPage\":{\"@id\":\"https:\\\/\\\/nicolasrmunoz.com\\\/?p=117\"},\"wordCount\":630,\"commentCount\":0,\"image\":{\"@id\":\"https:\\\/\\\/nicolasrmunoz.com\\\/?p=117#primaryimage\"},\"thumbnailUrl\":\"https:\\\/\\\/nicolasrmunoz.com\\\/wp-content\\\/uploads\\\/2015\\\/01\\\/Candado-Marca-Registrada-300x225.jpg\",\"keywords\":[\"ADPIC\",\"COIP\",\"Decisi\u00f3n 486 Comunidad Andina\",\"Derecho\",\"IEPI\",\"Marcas\",\"Organizaci\u00f3n Mundial del Comercio\",\"Propiedad Intelectual\",\"Registro de Marca\"],\"articleSection\":[\"Derecho\"],\"inLanguage\":\"es\",\"potentialAction\":[{\"@type\":\"CommentAction\",\"name\":\"Comment\",\"target\":[\"https:\\\/\\\/nicolasrmunoz.com\\\/?p=117#respond\"]}]},{\"@type\":\"WebPage\",\"@id\":\"https:\\\/\\\/nicolasrmunoz.com\\\/?p=117\",\"url\":\"https:\\\/\\\/nicolasrmunoz.com\\\/?p=117\",\"name\":\"Cuidado con la camiseta \\\"chimba\\\" - el lado penal de la Propiedad Intelectual &#8212; NRM\",\"isPartOf\":{\"@id\":\"https:\\\/\\\/nicolasrmunoz.com\\\/#website\"},\"primaryImageOfPage\":{\"@id\":\"https:\\\/\\\/nicolasrmunoz.com\\\/?p=117#primaryimage\"},\"image\":{\"@id\":\"https:\\\/\\\/nicolasrmunoz.com\\\/?p=117#primaryimage\"},\"thumbnailUrl\":\"https:\\\/\\\/nicolasrmunoz.com\\\/wp-content\\\/uploads\\\/2015\\\/01\\\/Candado-Marca-Registrada-300x225.jpg\",\"datePublished\":\"2015-01-29T15:25:35+00:00\",\"dateModified\":\"2016-07-21T15:02:22+00:00\",\"author\":{\"@id\":\"https:\\\/\\\/nicolasrmunoz.com\\\/#\\\/schema\\\/person\\\/ea4ec64bdece4ef281b8f5412397dbd3\"},\"breadcrumb\":{\"@id\":\"https:\\\/\\\/nicolasrmunoz.com\\\/?p=117#breadcrumb\"},\"inLanguage\":\"es\",\"potentialAction\":[{\"@type\":\"ReadAction\",\"target\":[\"https:\\\/\\\/nicolasrmunoz.com\\\/?p=117\"]}]},{\"@type\":\"ImageObject\",\"inLanguage\":\"es\",\"@id\":\"https:\\\/\\\/nicolasrmunoz.com\\\/?p=117#primaryimage\",\"url\":\"https:\\\/\\\/nicolasrmunoz.com\\\/wp-content\\\/uploads\\\/2015\\\/01\\\/Candado-Marca-Registrada.jpg\",\"contentUrl\":\"https:\\\/\\\/nicolasrmunoz.com\\\/wp-content\\\/uploads\\\/2015\\\/01\\\/Candado-Marca-Registrada.jpg\",\"width\":1600,\"height\":1200,\"caption\":\"El lado penal de la propiedad intelectual\"},{\"@type\":\"BreadcrumbList\",\"@id\":\"https:\\\/\\\/nicolasrmunoz.com\\\/?p=117#breadcrumb\",\"itemListElement\":[{\"@type\":\"ListItem\",\"position\":1,\"name\":\"Portada\",\"item\":\"https:\\\/\\\/nicolasrmunoz.com\\\/\"},{\"@type\":\"ListItem\",\"position\":2,\"name\":\"Cuidado con la camiseta \u00abchimba\u00bb &#8211; el lado penal de la Propiedad Intelectual\"}]},{\"@type\":\"WebSite\",\"@id\":\"https:\\\/\\\/nicolasrmunoz.com\\\/#website\",\"url\":\"https:\\\/\\\/nicolasrmunoz.com\\\/\",\"name\":\"NRM\",\"description\":\"Abogado empresarial\",\"potentialAction\":[{\"@type\":\"SearchAction\",\"target\":{\"@type\":\"EntryPoint\",\"urlTemplate\":\"https:\\\/\\\/nicolasrmunoz.com\\\/?s={search_term_string}\"},\"query-input\":{\"@type\":\"PropertyValueSpecification\",\"valueRequired\":true,\"valueName\":\"search_term_string\"}}],\"inLanguage\":\"es\"},{\"@type\":\"Person\",\"@id\":\"https:\\\/\\\/nicolasrmunoz.com\\\/#\\\/schema\\\/person\\\/ea4ec64bdece4ef281b8f5412397dbd3\",\"name\":\"nicolasrmunoz\",\"image\":{\"@type\":\"ImageObject\",\"inLanguage\":\"es\",\"@id\":\"https:\\\/\\\/secure.gravatar.com\\\/avatar\\\/655f98a46c52d09b956bba25279f0ae59fb69c24a944cbb030403c87dc4f0ddf?s=96&d=mm&r=pg\",\"url\":\"https:\\\/\\\/secure.gravatar.com\\\/avatar\\\/655f98a46c52d09b956bba25279f0ae59fb69c24a944cbb030403c87dc4f0ddf?s=96&d=mm&r=pg\",\"contentUrl\":\"https:\\\/\\\/secure.gravatar.com\\\/avatar\\\/655f98a46c52d09b956bba25279f0ae59fb69c24a944cbb030403c87dc4f0ddf?s=96&d=mm&r=pg\",\"caption\":\"nicolasrmunoz\"},\"description\":\"Abogado Asociado SUR LEGAL Estudio Jur\u00eddico | Propiedad Intelectual \u2022 Derecho Penal | An\u00e1lisis Jur\u00eddicos \u2022 Emprendimiento \u2022 Bulldogs \u2022 Deportivo Cuenca \u2022 C\u00e1mara Comercio Cuenca\",\"sameAs\":[\"https:\\\/\\\/nicolasrmunoz.com\",\"www.facebook.com\\\/nicolasrmunoz\",\"https:\\\/\\\/x.com\\\/nicolasrmunoz\"]}]}<\/script>\n<!-- \/ Yoast SEO plugin. -->","yoast_head_json":{"title":"Cuidado con la camiseta \"chimba\" - el lado penal de la Propiedad Intelectual &#8212; NRM","robots":{"index":"index","follow":"follow","max-snippet":"max-snippet:-1","max-image-preview":"max-image-preview:large","max-video-preview":"max-video-preview:-1"},"canonical":"https:\/\/nicolasrmunoz.com\/?p=117","og_locale":"es_ES","og_type":"article","og_title":"Cuidado con la camiseta \"chimba\" - el lado penal de la Propiedad Intelectual &#8212; NRM","og_description":"&nbsp; &nbsp; El 10 de febrero de 2014 se p\u00fablico en el Registro Oficial ecuatoriano el C\u00f3digo Org\u00e1nico Integral Penal (COIP), el mismo que entr\u00f3 en vigencia a partir del 10 de agosto de 2014, en el que se codificaron todas las infracciones penales que se encontraban dispersas en varios...","og_url":"https:\/\/nicolasrmunoz.com\/?p=117","og_site_name":"NRM","article_publisher":"https:\/\/www.facebook.com\/nicolasrmunoz\/?fref=ts","article_author":"www.facebook.com\/nicolasrmunoz","article_published_time":"2015-01-29T15:25:35+00:00","article_modified_time":"2016-07-21T15:02:22+00:00","og_image":[{"width":1600,"height":1200,"url":"https:\/\/nicolasrmunoz.com\/wp-content\/uploads\/2015\/01\/Candado-Marca-Registrada.jpg","type":"image\/jpeg"}],"author":"nicolasrmunoz","twitter_card":"summary_large_image","twitter_creator":"@nicolasrmunoz","twitter_site":"@nicolasrmunoz","twitter_misc":{"Escrito por":"nicolasrmunoz","Tiempo de lectura":"3 minutos"},"schema":{"@context":"https:\/\/schema.org","@graph":[{"@type":"Article","@id":"https:\/\/nicolasrmunoz.com\/?p=117#article","isPartOf":{"@id":"https:\/\/nicolasrmunoz.com\/?p=117"},"author":{"name":"nicolasrmunoz","@id":"https:\/\/nicolasrmunoz.com\/#\/schema\/person\/ea4ec64bdece4ef281b8f5412397dbd3"},"headline":"Cuidado con la camiseta \u00abchimba\u00bb &#8211; el lado penal de la Propiedad Intelectual","datePublished":"2015-01-29T15:25:35+00:00","dateModified":"2016-07-21T15:02:22+00:00","mainEntityOfPage":{"@id":"https:\/\/nicolasrmunoz.com\/?p=117"},"wordCount":630,"commentCount":0,"image":{"@id":"https:\/\/nicolasrmunoz.com\/?p=117#primaryimage"},"thumbnailUrl":"https:\/\/nicolasrmunoz.com\/wp-content\/uploads\/2015\/01\/Candado-Marca-Registrada-300x225.jpg","keywords":["ADPIC","COIP","Decisi\u00f3n 486 Comunidad Andina","Derecho","IEPI","Marcas","Organizaci\u00f3n Mundial del Comercio","Propiedad Intelectual","Registro de Marca"],"articleSection":["Derecho"],"inLanguage":"es","potentialAction":[{"@type":"CommentAction","name":"Comment","target":["https:\/\/nicolasrmunoz.com\/?p=117#respond"]}]},{"@type":"WebPage","@id":"https:\/\/nicolasrmunoz.com\/?p=117","url":"https:\/\/nicolasrmunoz.com\/?p=117","name":"Cuidado con la camiseta \"chimba\" - el lado penal de la Propiedad Intelectual &#8212; NRM","isPartOf":{"@id":"https:\/\/nicolasrmunoz.com\/#website"},"primaryImageOfPage":{"@id":"https:\/\/nicolasrmunoz.com\/?p=117#primaryimage"},"image":{"@id":"https:\/\/nicolasrmunoz.com\/?p=117#primaryimage"},"thumbnailUrl":"https:\/\/nicolasrmunoz.com\/wp-content\/uploads\/2015\/01\/Candado-Marca-Registrada-300x225.jpg","datePublished":"2015-01-29T15:25:35+00:00","dateModified":"2016-07-21T15:02:22+00:00","author":{"@id":"https:\/\/nicolasrmunoz.com\/#\/schema\/person\/ea4ec64bdece4ef281b8f5412397dbd3"},"breadcrumb":{"@id":"https:\/\/nicolasrmunoz.com\/?p=117#breadcrumb"},"inLanguage":"es","potentialAction":[{"@type":"ReadAction","target":["https:\/\/nicolasrmunoz.com\/?p=117"]}]},{"@type":"ImageObject","inLanguage":"es","@id":"https:\/\/nicolasrmunoz.com\/?p=117#primaryimage","url":"https:\/\/nicolasrmunoz.com\/wp-content\/uploads\/2015\/01\/Candado-Marca-Registrada.jpg","contentUrl":"https:\/\/nicolasrmunoz.com\/wp-content\/uploads\/2015\/01\/Candado-Marca-Registrada.jpg","width":1600,"height":1200,"caption":"El lado penal de la propiedad intelectual"},{"@type":"BreadcrumbList","@id":"https:\/\/nicolasrmunoz.com\/?p=117#breadcrumb","itemListElement":[{"@type":"ListItem","position":1,"name":"Portada","item":"https:\/\/nicolasrmunoz.com\/"},{"@type":"ListItem","position":2,"name":"Cuidado con la camiseta \u00abchimba\u00bb &#8211; el lado penal de la Propiedad Intelectual"}]},{"@type":"WebSite","@id":"https:\/\/nicolasrmunoz.com\/#website","url":"https:\/\/nicolasrmunoz.com\/","name":"NRM","description":"Abogado empresarial","potentialAction":[{"@type":"SearchAction","target":{"@type":"EntryPoint","urlTemplate":"https:\/\/nicolasrmunoz.com\/?s={search_term_string}"},"query-input":{"@type":"PropertyValueSpecification","valueRequired":true,"valueName":"search_term_string"}}],"inLanguage":"es"},{"@type":"Person","@id":"https:\/\/nicolasrmunoz.com\/#\/schema\/person\/ea4ec64bdece4ef281b8f5412397dbd3","name":"nicolasrmunoz","image":{"@type":"ImageObject","inLanguage":"es","@id":"https:\/\/secure.gravatar.com\/avatar\/655f98a46c52d09b956bba25279f0ae59fb69c24a944cbb030403c87dc4f0ddf?s=96&d=mm&r=pg","url":"https:\/\/secure.gravatar.com\/avatar\/655f98a46c52d09b956bba25279f0ae59fb69c24a944cbb030403c87dc4f0ddf?s=96&d=mm&r=pg","contentUrl":"https:\/\/secure.gravatar.com\/avatar\/655f98a46c52d09b956bba25279f0ae59fb69c24a944cbb030403c87dc4f0ddf?s=96&d=mm&r=pg","caption":"nicolasrmunoz"},"description":"Abogado Asociado SUR LEGAL Estudio Jur\u00eddico | Propiedad Intelectual \u2022 Derecho Penal | An\u00e1lisis Jur\u00eddicos \u2022 Emprendimiento \u2022 Bulldogs \u2022 Deportivo Cuenca \u2022 C\u00e1mara Comercio Cuenca","sameAs":["https:\/\/nicolasrmunoz.com","www.facebook.com\/nicolasrmunoz","https:\/\/x.com\/nicolasrmunoz"]}]}},"_links":{"self":[{"href":"https:\/\/nicolasrmunoz.com\/index.php?rest_route=\/wp\/v2\/posts\/117","targetHints":{"allow":["GET"]}}],"collection":[{"href":"https:\/\/nicolasrmunoz.com\/index.php?rest_route=\/wp\/v2\/posts"}],"about":[{"href":"https:\/\/nicolasrmunoz.com\/index.php?rest_route=\/wp\/v2\/types\/post"}],"author":[{"embeddable":true,"href":"https:\/\/nicolasrmunoz.com\/index.php?rest_route=\/wp\/v2\/users\/1"}],"replies":[{"embeddable":true,"href":"https:\/\/nicolasrmunoz.com\/index.php?rest_route=%2Fwp%2Fv2%2Fcomments&post=117"}],"version-history":[{"count":13,"href":"https:\/\/nicolasrmunoz.com\/index.php?rest_route=\/wp\/v2\/posts\/117\/revisions"}],"predecessor-version":[{"id":604,"href":"https:\/\/nicolasrmunoz.com\/index.php?rest_route=\/wp\/v2\/posts\/117\/revisions\/604"}],"wp:attachment":[{"href":"https:\/\/nicolasrmunoz.com\/index.php?rest_route=%2Fwp%2Fv2%2Fmedia&parent=117"}],"wp:term":[{"taxonomy":"category","embeddable":true,"href":"https:\/\/nicolasrmunoz.com\/index.php?rest_route=%2Fwp%2Fv2%2Fcategories&post=117"},{"taxonomy":"post_tag","embeddable":true,"href":"https:\/\/nicolasrmunoz.com\/index.php?rest_route=%2Fwp%2Fv2%2Ftags&post=117"}],"curies":[{"name":"wp","href":"https:\/\/api.w.org\/{rel}","templated":true}]}}