{"id":162,"date":"2015-04-01T16:29:52","date_gmt":"2015-04-01T16:29:52","guid":{"rendered":"https:\/\/nicolasrmunoz.com\/?p=162"},"modified":"2017-03-08T08:44:02","modified_gmt":"2017-03-08T02:44:02","slug":"y-si-no-registro-mi-marca","status":"publish","type":"post","link":"https:\/\/nicolasrmunoz.com\/?p=162","title":{"rendered":"\u00bfY si no registro mi marca?"},"content":{"rendered":"<div>\n<p><a href=\"https:\/\/nicolasrmunoz.com\/wp-content\/uploads\/2015\/04\/marcas-globales.png\"><img fetchpriority=\"high\" decoding=\"async\" class=\"aligncenter size-medium wp-image-183\" src=\"https:\/\/nicolasrmunoz.com\/wp-content\/uploads\/2015\/04\/marcas-globales-300x266.png\" alt=\"marcas-globales\" width=\"300\" height=\"266\" srcset=\"https:\/\/nicolasrmunoz.com\/wp-content\/uploads\/2015\/04\/marcas-globales-300x266.png 300w, https:\/\/nicolasrmunoz.com\/wp-content\/uploads\/2015\/04\/marcas-globales.png 587w\" sizes=\"(max-width: 300px) 100vw, 300px\" \/><\/a><\/p>\n<div>En el competitivo\u00a0mundo que vivimos hoy en d\u00eda, mucha\u00a0gente protege sus marcas\u00a0y\u00a0lemas comerciales, pero algunas\u00a0otras siguen pregunt\u00e1ndose \u00bfQu\u00e9\u00a0pasa si no registro mi marca?<\/div>\n<div><\/div>\n<div>En este sentido, es prudente empezar indicando\u00a0los<strong>\u00a0derechos que se derivan\u00a0por SI registrar una marca<\/strong>, derechos que se encuentran recogidos en la Ley de Propiedad Intelectual y en la decisi\u00f3n 486 de la Comunidad Andina de Naciones\u00a0que en la parte pertinente se\u00f1ala:<\/div>\n<\/div>\n<div><\/div>\n<div>\n<div>\n<blockquote>\n<div><i>\u201c<\/i>El registro de una marca confiere a su titular el derecho de impedir a cualquier tercero realizar, sin su consentimiento, los siguientes actos:<\/div>\n<ol>\n<li>Aplicar o colocar la marca o un signo distintivo id\u00e9ntico o semejante sobre productos para los cuales se ha registrado la marca; sobre productos vinculados a los servicios para los cuales \u00e9sta se ha registrado; o sobre los envases, envolturas, embalajes o acondicionamientos de tales productos;<\/li>\n<li>Suprimir o modificar la marca con fines comerciales, despu\u00e9s de que se hubiese aplicado o colocado sobre los productos para los cuales se ha registrado la marca; sobre los productos vinculados a los servicios para los cuales \u00e9sta se ha registrado; o sobre los envases, envolturas, embalajes o acondicionamientos de tales productos;<\/li>\n<li>Fabricar etiquetas, envases, envolturas, embalajes u otros materiales que reproduzcan o contengan la marca, as\u00ed como comercializar o detentar tales materiales;<\/li>\n<li>Usar en el comercio un signo id\u00e9ntico o similar a la marca respecto de cualesquiera productos o servicios, cuando tal uso pudiese causar confusi\u00f3n o un riesgo de asociaci\u00f3n con el titular del registro. Trat\u00e1ndose del uso de un signo id\u00e9ntico para productos o servicios id\u00e9nticos se presumir\u00e1 que existe riesgo de confusi\u00f3n;<\/li>\n<li>Usar en el comercio un signo id\u00e9ntico o similar a una marca notoriamente conocida respecto de cualesquiera productos o servicios, cuando ello pudiese causar al titular del registro un da\u00f1o econ\u00f3mico o comercial injusto por raz\u00f3n de una diluci\u00f3n de la fuerza distintiva o del valor comercial o publicitario de la marca, o por raz\u00f3n de un aprovechamiento injusto del prestigio de la marca o de su titular;<\/li>\n<li>Usar p\u00fablicamente un signo id\u00e9ntico o similar a una marca notoriamente conocida, aun para fines no comerciales, cuando ello pudiese causar una diluci\u00f3n de la fuerza distintiva o del valor comercial o publicitario de la marca, o un aprovechamiento injusto de su prestigio.<i>\u00ab<\/i><\/li>\n<\/ol>\n<\/blockquote>\n<\/div>\n<p>Si Usted ya tiene una marca, o desea crear una, es pertinente se\u00f1alar que esta debe ser original y principalmente distintiva de las dem\u00e1s marcas\u00a0existentes\u00a0en el mercado, por lo que el primer paso\u00a0es proceder a realizar una\u00a0<strong>b\u00fasqueda fon\u00e9tica<\/strong>\u00a0con la que Usted tendr\u00e1 un\u00a0mejor panorama sobre marcas que hayan sido previamente registradas y puedan ser iguales o similares a la que Usted desea registrar, pudiendo as\u00ed analizar la favorabilidad o no del registro; procediendo posteriormente\u00a0a realizar la solicitud de registro de la marca, la cual, en caso de no tener inconvenientes u oposiciones de terceros, despu\u00e9s de al rededor de un a\u00f1o, el Instituto Ecuatoriano de Propiedad Intelectual IEPI le entregar\u00e1 el t\u00edtulo de la marca, el mismo que tendr\u00e1 una duraci\u00f3n de 10 a\u00f1os renovables.<\/p>\n<p>Como\u00a0puntualizaci\u00f3n\u00a0especial,\u00a0<strong>lo recomendable no es \u00fanicamente registrar su marca, sino defenderla<\/strong>, contratando\u00a0un estudio jur\u00eddico que revise mensualmente las marcas que se estan intentando registrar en el IEPI para que Usted pueda oponerse a aquellas que son similares o identicas a la suya, as\u00ed como ejercer las medidas legales necesarias para sacar del mercado a los productos o servicios que esten utilizando su marca; esto con el fin de no vulgarizar su marca y que esta no se \u00abdiluya\u00bb es decir, que no pierda su fuerza distintiva.<\/p>\n<p>Finalmente debemos se\u00f1alar que los registros de marca son eminentemente territoriales (rigen \u00fanicamente para el pa\u00eds en el que se registr\u00f3), por lo que en caso de expansi\u00f3n e inicio de actividades de exportaci\u00f3n, es prudente registrar sus marcas en los pa\u00edses a los que enviar\u00e1 sus productos para evitar embargos o acciones de terceros en contra de\u00a0sus\u00a0productos.<\/p>\n<p>&nbsp;<\/p>\n<div><strong><a href=\"https:\/\/nicolasrmunoz.com\/wp-content\/uploads\/2016\/06\/946191_10209443962761495_3977758748300464447_n-1.jpg\"><img decoding=\"async\" class=\" wp-image-385 alignleft\" src=\"https:\/\/nicolasrmunoz.com\/wp-content\/uploads\/2016\/06\/946191_10209443962761495_3977758748300464447_n-1-300x300.jpg\" alt=\"946191_10209443962761495_3977758748300464447_n-1\" width=\"172\" height=\"172\" srcset=\"https:\/\/nicolasrmunoz.com\/wp-content\/uploads\/2016\/06\/946191_10209443962761495_3977758748300464447_n-1-300x300.jpg 300w, https:\/\/nicolasrmunoz.com\/wp-content\/uploads\/2016\/06\/946191_10209443962761495_3977758748300464447_n-1-150x150.jpg 150w, https:\/\/nicolasrmunoz.com\/wp-content\/uploads\/2016\/06\/946191_10209443962761495_3977758748300464447_n-1-768x768.jpg 768w, https:\/\/nicolasrmunoz.com\/wp-content\/uploads\/2016\/06\/946191_10209443962761495_3977758748300464447_n-1.jpg 960w\" sizes=\"(max-width: 172px) 100vw, 172px\" \/><\/a>Nicol\u00e1s R. Mu\u00f1oz<\/strong><\/div>\n<div>nmunoz@surlegal.com<\/div>\n<div>\n<hr \/>\n<p>Advertencia:\u00a0La presente publicaci\u00f3n\u00a0no es ni podr\u00e1 ser usado como asesor\u00eda u opini\u00f3n legal,\u00a0ya que es meramente informativa.<\/p>\n<\/div>\n<\/div>\n<p><script async src=\"\/\/pagead2.googlesyndication.com\/pagead\/js\/adsbygoogle.js\"><\/script><br \/>\n<!-- 1er ejm NRM --><br \/>\n<ins class=\"adsbygoogle\" style=\"display: block;\" data-ad-client=\"ca-pub-8882733276359373\" data-ad-slot=\"3921684640\" data-ad-format=\"auto\"><\/ins><br \/>\n<script>\n(adsbygoogle = window.adsbygoogle || []).push({});\n<\/script><\/p>\n","protected":false},"excerpt":{"rendered":"<p>En el competitivo\u00a0mundo que vivimos hoy en d\u00eda, mucha\u00a0gente protege sus marcas\u00a0y\u00a0lemas comerciales, pero algunas\u00a0otras siguen pregunt\u00e1ndose \u00bfQu\u00e9\u00a0pasa si no registro mi marca? En este sentido, es prudente empezar indicando\u00a0los\u00a0derechos que se derivan\u00a0por SI registrar una marca, derechos que se encuentran recogidos en la Ley de Propiedad Intelectual y en&#8230;<\/p>\n","protected":false},"author":1,"featured_media":0,"comment_status":"open","ping_status":"open","sticky":false,"template":"","format":"standard","meta":{"footnotes":""},"categories":[3],"tags":[174,66,118,115,119,114,116,117,62,64],"class_list":["post-162","post","type-post","status-publish","format-standard","hentry","category-derecho","tag-derecho","tag-iepi","tag-instituto-ecuatoriano-de-propiedad-intelectual","tag-lema-comercial","tag-ley-de-propiedad-intelectual","tag-nombre-comercial","tag-patentes","tag-propiedad-industrial","tag-propiedad-intelectual","tag-registro-de-marca"],"yoast_head":"<!-- This site is optimized with the Yoast SEO plugin v27.5 - https:\/\/yoast.com\/product\/yoast-seo-wordpress\/ -->\n<title>\u00bfY si no registro mi marca? &#8212; NRM<\/title>\n<meta name=\"robots\" content=\"index, follow, max-snippet:-1, max-image-preview:large, max-video-preview:-1\" \/>\n<link rel=\"canonical\" href=\"https:\/\/nicolasrmunoz.com\/?p=162\" \/>\n<meta property=\"og:locale\" content=\"es_ES\" \/>\n<meta property=\"og:type\" content=\"article\" \/>\n<meta property=\"og:title\" content=\"\u00bfY si no registro mi marca? &#8212; NRM\" \/>\n<meta property=\"og:description\" content=\"En el competitivo\u00a0mundo que vivimos hoy en d\u00eda, mucha\u00a0gente protege sus marcas\u00a0y\u00a0lemas comerciales, pero algunas\u00a0otras siguen pregunt\u00e1ndose \u00bfQu\u00e9\u00a0pasa si no registro mi marca? En este sentido, es prudente empezar indicando\u00a0los\u00a0derechos que se derivan\u00a0por SI registrar una marca, derechos que se encuentran recogidos en la Ley de Propiedad Intelectual y en...\" \/>\n<meta property=\"og:url\" content=\"https:\/\/nicolasrmunoz.com\/?p=162\" \/>\n<meta property=\"og:site_name\" content=\"NRM\" \/>\n<meta property=\"article:publisher\" content=\"https:\/\/www.facebook.com\/nicolasrmunoz\/?fref=ts\" \/>\n<meta property=\"article:author\" content=\"www.facebook.com\/nicolasrmunoz\" \/>\n<meta property=\"article:published_time\" content=\"2015-04-01T16:29:52+00:00\" \/>\n<meta property=\"article:modified_time\" content=\"2017-03-08T02:44:02+00:00\" \/>\n<meta property=\"og:image\" content=\"https:\/\/nicolasrmunoz.com\/wp-content\/uploads\/2015\/04\/marcas-globales.png\" \/>\n\t<meta property=\"og:image:width\" content=\"587\" \/>\n\t<meta property=\"og:image:height\" content=\"521\" \/>\n\t<meta property=\"og:image:type\" content=\"image\/png\" \/>\n<meta name=\"author\" content=\"nicolasrmunoz\" \/>\n<meta name=\"twitter:card\" content=\"summary_large_image\" \/>\n<meta name=\"twitter:creator\" content=\"@nicolasrmunoz\" \/>\n<meta name=\"twitter:site\" content=\"@nicolasrmunoz\" \/>\n<meta name=\"twitter:label1\" content=\"Escrito por\" \/>\n\t<meta name=\"twitter:data1\" content=\"nicolasrmunoz\" \/>\n\t<meta name=\"twitter:label2\" content=\"Tiempo de lectura\" \/>\n\t<meta name=\"twitter:data2\" content=\"4 minutos\" \/>\n<script type=\"application\/ld+json\" class=\"yoast-schema-graph\">{\"@context\":\"https:\\\/\\\/schema.org\",\"@graph\":[{\"@type\":\"Article\",\"@id\":\"https:\\\/\\\/nicolasrmunoz.com\\\/?p=162#article\",\"isPartOf\":{\"@id\":\"https:\\\/\\\/nicolasrmunoz.com\\\/?p=162\"},\"author\":{\"name\":\"nicolasrmunoz\",\"@id\":\"https:\\\/\\\/nicolasrmunoz.com\\\/#\\\/schema\\\/person\\\/ea4ec64bdece4ef281b8f5412397dbd3\"},\"headline\":\"\u00bfY si no registro mi marca?\",\"datePublished\":\"2015-04-01T16:29:52+00:00\",\"dateModified\":\"2017-03-08T02:44:02+00:00\",\"mainEntityOfPage\":{\"@id\":\"https:\\\/\\\/nicolasrmunoz.com\\\/?p=162\"},\"wordCount\":735,\"commentCount\":2,\"image\":{\"@id\":\"https:\\\/\\\/nicolasrmunoz.com\\\/?p=162#primaryimage\"},\"thumbnailUrl\":\"https:\\\/\\\/nicolasrmunoz.com\\\/wp-content\\\/uploads\\\/2015\\\/04\\\/marcas-globales-300x266.png\",\"keywords\":[\"Derecho\",\"IEPI\",\"Instituto Ecuatoriano de Propiedad Intelectual\",\"lema comercial\",\"Ley de Propiedad Intelectual\",\"nombre comercial\",\"patentes\",\"Propiedad Industrial\",\"Propiedad Intelectual\",\"Registro de Marca\"],\"articleSection\":[\"Derecho\"],\"inLanguage\":\"es\",\"potentialAction\":[{\"@type\":\"CommentAction\",\"name\":\"Comment\",\"target\":[\"https:\\\/\\\/nicolasrmunoz.com\\\/?p=162#respond\"]}]},{\"@type\":\"WebPage\",\"@id\":\"https:\\\/\\\/nicolasrmunoz.com\\\/?p=162\",\"url\":\"https:\\\/\\\/nicolasrmunoz.com\\\/?p=162\",\"name\":\"\u00bfY si no registro mi marca? &#8212; NRM\",\"isPartOf\":{\"@id\":\"https:\\\/\\\/nicolasrmunoz.com\\\/#website\"},\"primaryImageOfPage\":{\"@id\":\"https:\\\/\\\/nicolasrmunoz.com\\\/?p=162#primaryimage\"},\"image\":{\"@id\":\"https:\\\/\\\/nicolasrmunoz.com\\\/?p=162#primaryimage\"},\"thumbnailUrl\":\"https:\\\/\\\/nicolasrmunoz.com\\\/wp-content\\\/uploads\\\/2015\\\/04\\\/marcas-globales-300x266.png\",\"datePublished\":\"2015-04-01T16:29:52+00:00\",\"dateModified\":\"2017-03-08T02:44:02+00:00\",\"author\":{\"@id\":\"https:\\\/\\\/nicolasrmunoz.com\\\/#\\\/schema\\\/person\\\/ea4ec64bdece4ef281b8f5412397dbd3\"},\"breadcrumb\":{\"@id\":\"https:\\\/\\\/nicolasrmunoz.com\\\/?p=162#breadcrumb\"},\"inLanguage\":\"es\",\"potentialAction\":[{\"@type\":\"ReadAction\",\"target\":[\"https:\\\/\\\/nicolasrmunoz.com\\\/?p=162\"]}]},{\"@type\":\"ImageObject\",\"inLanguage\":\"es\",\"@id\":\"https:\\\/\\\/nicolasrmunoz.com\\\/?p=162#primaryimage\",\"url\":\"https:\\\/\\\/nicolasrmunoz.com\\\/wp-content\\\/uploads\\\/2015\\\/04\\\/marcas-globales.png\",\"contentUrl\":\"https:\\\/\\\/nicolasrmunoz.com\\\/wp-content\\\/uploads\\\/2015\\\/04\\\/marcas-globales.png\",\"width\":587,\"height\":521},{\"@type\":\"BreadcrumbList\",\"@id\":\"https:\\\/\\\/nicolasrmunoz.com\\\/?p=162#breadcrumb\",\"itemListElement\":[{\"@type\":\"ListItem\",\"position\":1,\"name\":\"Portada\",\"item\":\"https:\\\/\\\/nicolasrmunoz.com\\\/\"},{\"@type\":\"ListItem\",\"position\":2,\"name\":\"\u00bfY si no registro mi marca?\"}]},{\"@type\":\"WebSite\",\"@id\":\"https:\\\/\\\/nicolasrmunoz.com\\\/#website\",\"url\":\"https:\\\/\\\/nicolasrmunoz.com\\\/\",\"name\":\"NRM\",\"description\":\"Abogado empresarial\",\"potentialAction\":[{\"@type\":\"SearchAction\",\"target\":{\"@type\":\"EntryPoint\",\"urlTemplate\":\"https:\\\/\\\/nicolasrmunoz.com\\\/?s={search_term_string}\"},\"query-input\":{\"@type\":\"PropertyValueSpecification\",\"valueRequired\":true,\"valueName\":\"search_term_string\"}}],\"inLanguage\":\"es\"},{\"@type\":\"Person\",\"@id\":\"https:\\\/\\\/nicolasrmunoz.com\\\/#\\\/schema\\\/person\\\/ea4ec64bdece4ef281b8f5412397dbd3\",\"name\":\"nicolasrmunoz\",\"image\":{\"@type\":\"ImageObject\",\"inLanguage\":\"es\",\"@id\":\"https:\\\/\\\/secure.gravatar.com\\\/avatar\\\/655f98a46c52d09b956bba25279f0ae59fb69c24a944cbb030403c87dc4f0ddf?s=96&d=mm&r=pg\",\"url\":\"https:\\\/\\\/secure.gravatar.com\\\/avatar\\\/655f98a46c52d09b956bba25279f0ae59fb69c24a944cbb030403c87dc4f0ddf?s=96&d=mm&r=pg\",\"contentUrl\":\"https:\\\/\\\/secure.gravatar.com\\\/avatar\\\/655f98a46c52d09b956bba25279f0ae59fb69c24a944cbb030403c87dc4f0ddf?s=96&d=mm&r=pg\",\"caption\":\"nicolasrmunoz\"},\"description\":\"Abogado Asociado SUR LEGAL Estudio Jur\u00eddico | Propiedad Intelectual \u2022 Derecho Penal | An\u00e1lisis Jur\u00eddicos \u2022 Emprendimiento \u2022 Bulldogs \u2022 Deportivo Cuenca \u2022 C\u00e1mara Comercio Cuenca\",\"sameAs\":[\"https:\\\/\\\/nicolasrmunoz.com\",\"www.facebook.com\\\/nicolasrmunoz\",\"https:\\\/\\\/x.com\\\/nicolasrmunoz\"]}]}<\/script>\n<!-- \/ Yoast SEO plugin. -->","yoast_head_json":{"title":"\u00bfY si no registro mi marca? &#8212; NRM","robots":{"index":"index","follow":"follow","max-snippet":"max-snippet:-1","max-image-preview":"max-image-preview:large","max-video-preview":"max-video-preview:-1"},"canonical":"https:\/\/nicolasrmunoz.com\/?p=162","og_locale":"es_ES","og_type":"article","og_title":"\u00bfY si no registro mi marca? &#8212; NRM","og_description":"En el competitivo\u00a0mundo que vivimos hoy en d\u00eda, mucha\u00a0gente protege sus marcas\u00a0y\u00a0lemas comerciales, pero algunas\u00a0otras siguen pregunt\u00e1ndose \u00bfQu\u00e9\u00a0pasa si no registro mi marca? En este sentido, es prudente empezar indicando\u00a0los\u00a0derechos que se derivan\u00a0por SI registrar una marca, derechos que se encuentran recogidos en la Ley de Propiedad Intelectual y en...","og_url":"https:\/\/nicolasrmunoz.com\/?p=162","og_site_name":"NRM","article_publisher":"https:\/\/www.facebook.com\/nicolasrmunoz\/?fref=ts","article_author":"www.facebook.com\/nicolasrmunoz","article_published_time":"2015-04-01T16:29:52+00:00","article_modified_time":"2017-03-08T02:44:02+00:00","og_image":[{"width":587,"height":521,"url":"https:\/\/nicolasrmunoz.com\/wp-content\/uploads\/2015\/04\/marcas-globales.png","type":"image\/png"}],"author":"nicolasrmunoz","twitter_card":"summary_large_image","twitter_creator":"@nicolasrmunoz","twitter_site":"@nicolasrmunoz","twitter_misc":{"Escrito por":"nicolasrmunoz","Tiempo de lectura":"4 minutos"},"schema":{"@context":"https:\/\/schema.org","@graph":[{"@type":"Article","@id":"https:\/\/nicolasrmunoz.com\/?p=162#article","isPartOf":{"@id":"https:\/\/nicolasrmunoz.com\/?p=162"},"author":{"name":"nicolasrmunoz","@id":"https:\/\/nicolasrmunoz.com\/#\/schema\/person\/ea4ec64bdece4ef281b8f5412397dbd3"},"headline":"\u00bfY si no registro mi marca?","datePublished":"2015-04-01T16:29:52+00:00","dateModified":"2017-03-08T02:44:02+00:00","mainEntityOfPage":{"@id":"https:\/\/nicolasrmunoz.com\/?p=162"},"wordCount":735,"commentCount":2,"image":{"@id":"https:\/\/nicolasrmunoz.com\/?p=162#primaryimage"},"thumbnailUrl":"https:\/\/nicolasrmunoz.com\/wp-content\/uploads\/2015\/04\/marcas-globales-300x266.png","keywords":["Derecho","IEPI","Instituto Ecuatoriano de Propiedad Intelectual","lema comercial","Ley de Propiedad Intelectual","nombre comercial","patentes","Propiedad Industrial","Propiedad Intelectual","Registro de Marca"],"articleSection":["Derecho"],"inLanguage":"es","potentialAction":[{"@type":"CommentAction","name":"Comment","target":["https:\/\/nicolasrmunoz.com\/?p=162#respond"]}]},{"@type":"WebPage","@id":"https:\/\/nicolasrmunoz.com\/?p=162","url":"https:\/\/nicolasrmunoz.com\/?p=162","name":"\u00bfY si no registro mi marca? &#8212; NRM","isPartOf":{"@id":"https:\/\/nicolasrmunoz.com\/#website"},"primaryImageOfPage":{"@id":"https:\/\/nicolasrmunoz.com\/?p=162#primaryimage"},"image":{"@id":"https:\/\/nicolasrmunoz.com\/?p=162#primaryimage"},"thumbnailUrl":"https:\/\/nicolasrmunoz.com\/wp-content\/uploads\/2015\/04\/marcas-globales-300x266.png","datePublished":"2015-04-01T16:29:52+00:00","dateModified":"2017-03-08T02:44:02+00:00","author":{"@id":"https:\/\/nicolasrmunoz.com\/#\/schema\/person\/ea4ec64bdece4ef281b8f5412397dbd3"},"breadcrumb":{"@id":"https:\/\/nicolasrmunoz.com\/?p=162#breadcrumb"},"inLanguage":"es","potentialAction":[{"@type":"ReadAction","target":["https:\/\/nicolasrmunoz.com\/?p=162"]}]},{"@type":"ImageObject","inLanguage":"es","@id":"https:\/\/nicolasrmunoz.com\/?p=162#primaryimage","url":"https:\/\/nicolasrmunoz.com\/wp-content\/uploads\/2015\/04\/marcas-globales.png","contentUrl":"https:\/\/nicolasrmunoz.com\/wp-content\/uploads\/2015\/04\/marcas-globales.png","width":587,"height":521},{"@type":"BreadcrumbList","@id":"https:\/\/nicolasrmunoz.com\/?p=162#breadcrumb","itemListElement":[{"@type":"ListItem","position":1,"name":"Portada","item":"https:\/\/nicolasrmunoz.com\/"},{"@type":"ListItem","position":2,"name":"\u00bfY si no registro mi marca?"}]},{"@type":"WebSite","@id":"https:\/\/nicolasrmunoz.com\/#website","url":"https:\/\/nicolasrmunoz.com\/","name":"NRM","description":"Abogado empresarial","potentialAction":[{"@type":"SearchAction","target":{"@type":"EntryPoint","urlTemplate":"https:\/\/nicolasrmunoz.com\/?s={search_term_string}"},"query-input":{"@type":"PropertyValueSpecification","valueRequired":true,"valueName":"search_term_string"}}],"inLanguage":"es"},{"@type":"Person","@id":"https:\/\/nicolasrmunoz.com\/#\/schema\/person\/ea4ec64bdece4ef281b8f5412397dbd3","name":"nicolasrmunoz","image":{"@type":"ImageObject","inLanguage":"es","@id":"https:\/\/secure.gravatar.com\/avatar\/655f98a46c52d09b956bba25279f0ae59fb69c24a944cbb030403c87dc4f0ddf?s=96&d=mm&r=pg","url":"https:\/\/secure.gravatar.com\/avatar\/655f98a46c52d09b956bba25279f0ae59fb69c24a944cbb030403c87dc4f0ddf?s=96&d=mm&r=pg","contentUrl":"https:\/\/secure.gravatar.com\/avatar\/655f98a46c52d09b956bba25279f0ae59fb69c24a944cbb030403c87dc4f0ddf?s=96&d=mm&r=pg","caption":"nicolasrmunoz"},"description":"Abogado Asociado SUR LEGAL Estudio Jur\u00eddico | Propiedad Intelectual \u2022 Derecho Penal | An\u00e1lisis Jur\u00eddicos \u2022 Emprendimiento \u2022 Bulldogs \u2022 Deportivo Cuenca \u2022 C\u00e1mara Comercio Cuenca","sameAs":["https:\/\/nicolasrmunoz.com","www.facebook.com\/nicolasrmunoz","https:\/\/x.com\/nicolasrmunoz"]}]}},"_links":{"self":[{"href":"https:\/\/nicolasrmunoz.com\/index.php?rest_route=\/wp\/v2\/posts\/162","targetHints":{"allow":["GET"]}}],"collection":[{"href":"https:\/\/nicolasrmunoz.com\/index.php?rest_route=\/wp\/v2\/posts"}],"about":[{"href":"https:\/\/nicolasrmunoz.com\/index.php?rest_route=\/wp\/v2\/types\/post"}],"author":[{"embeddable":true,"href":"https:\/\/nicolasrmunoz.com\/index.php?rest_route=\/wp\/v2\/users\/1"}],"replies":[{"embeddable":true,"href":"https:\/\/nicolasrmunoz.com\/index.php?rest_route=%2Fwp%2Fv2%2Fcomments&post=162"}],"version-history":[{"count":14,"href":"https:\/\/nicolasrmunoz.com\/index.php?rest_route=\/wp\/v2\/posts\/162\/revisions"}],"predecessor-version":[{"id":833,"href":"https:\/\/nicolasrmunoz.com\/index.php?rest_route=\/wp\/v2\/posts\/162\/revisions\/833"}],"wp:attachment":[{"href":"https:\/\/nicolasrmunoz.com\/index.php?rest_route=%2Fwp%2Fv2%2Fmedia&parent=162"}],"wp:term":[{"taxonomy":"category","embeddable":true,"href":"https:\/\/nicolasrmunoz.com\/index.php?rest_route=%2Fwp%2Fv2%2Fcategories&post=162"},{"taxonomy":"post_tag","embeddable":true,"href":"https:\/\/nicolasrmunoz.com\/index.php?rest_route=%2Fwp%2Fv2%2Ftags&post=162"}],"curies":[{"name":"wp","href":"https:\/\/api.w.org\/{rel}","templated":true}]}}